{"id":532,"date":"2024-07-31T21:35:17","date_gmt":"2024-07-31T21:35:17","guid":{"rendered":"https:\/\/petrabach.de\/?p=532"},"modified":"2026-01-26T08:34:20","modified_gmt":"2026-01-26T08:34:20","slug":"30-jahre-kulturmanagement","status":"publish","type":"post","link":"https:\/\/petrabach.de\/?p=532","title":{"rendered":"31 Jahre  | \u201evou compra!\u201c :  Du musst kaufen!"},"content":{"rendered":"<h4>Der damals v\u00f6llig umstrittene Studiengang Kulturmanagement wurde zum ersten Mal 1992 von der Fernuniversit\u00e4t Hagen angeboten. Zirka 10 Jahre sp\u00e4ter zog dieser Studienzweig nach HH und wurde zu KMM | Institut f\u00fcr Kultur- und Medienmanagement Hamburg.<br \/>\nAm 1. September 1994 machte ich meinen Abschluss im Kulturmanagement. Somit war ich die allererste Kulturmanagerin NRWs.<\/h4>\n<h4>Neben meines Studiums arbeitete ich f\u00fcr Roberto Ciulli (Theater an der Ruhr) und wurde dem <a href=\"https:\/\/www.romarchive.eu\/de\/theatre-and-drama\/institutional-theatre\/roma-theatre-pralipe\/\">Roma-Theater Pralipe<\/a> zur Seite gestellt.<\/h4>\n<h4>W\u00e4hrend eines Presstermins erz\u00e4hlte Ciulli \u00fcber seinen liebevollen Bezug zu den \u201evou compras\u201c (\u00fcbersetzt: \u201eDu musst kaufen!\u201c) in Florenz. Es waren die Stra\u00dfenh\u00e4ndler damit gemeint, die mit ihren Pappkarton-St\u00e4nden \u00fcberall in den Stra\u00dfen von Florenz standen, die ihn so verzauberten. Sie wurden von den Florentinerinnen f\u00fcrsorglich gedudelt und von der Polizei st\u00e4ndig gejagt. Zu deren Leidwesen \u00a0konnten sich die Stra\u00dfenh\u00e4ndler in nullkommanix in Luft aufl\u00f6sen, um kurze Zeit sp\u00e4ter an einer anderen Ecke wieder aufzutauchen.<br \/>\n\u00dcberall h\u00f6rte man in den Stra\u00dfen ihr: \u201evou compra!\u201c \u201evou compra!\u201c \u201evou compra!\u201c<\/h4>\n<h4>Ich wusste von diesem Tag an:<\/h4>\n<blockquote>\n<h4><em><strong>Meine Agentur wird compra hei\u00dfen.<\/strong><\/em><\/h4>\n<\/blockquote>\n<h4>Am 02.01.1995 gr\u00fcndete ich meine erste Agentur mit dem Namen KOMPRA : Kultur -Projekte. Meine Agentur hatte im Laufe der Jahre viele Namen und noch mehr Ideen. Aber sie blieb immer eine von den \u00a0\u201evou compras : Du musst kaufen!<\/h4>\n<h4>Mein erste Ausstellung hatte ich vom 23.10.95 bis 24.11.95 mit dem 1996 verstorbenen K\u00fcnstler Michael Irmer in der Verlagsgruppe Handelsblatt.<\/h4>\n<h4><img loading=\"lazy\" decoding=\"async\" class=\"alignnone size-medium wp-image-575\" src=\"https:\/\/petrabach.de\/wp-content\/uploads\/2024\/07\/IMG_3848-300x210.jpeg\" alt=\"\" width=\"300\" height=\"210\" srcset=\"https:\/\/petrabach.de\/wp-content\/uploads\/2024\/07\/IMG_3848-300x210.jpeg 300w, https:\/\/petrabach.de\/wp-content\/uploads\/2024\/07\/IMG_3848-1024x716.jpeg 1024w, https:\/\/petrabach.de\/wp-content\/uploads\/2024\/07\/IMG_3848-768x537.jpeg 768w, https:\/\/petrabach.de\/wp-content\/uploads\/2024\/07\/IMG_3848-1536x1074.jpeg 1536w, https:\/\/petrabach.de\/wp-content\/uploads\/2024\/07\/IMG_3848-2048x1432.jpeg 2048w, https:\/\/petrabach.de\/wp-content\/uploads\/2024\/07\/IMG_3848-660x462.jpeg 660w, https:\/\/petrabach.de\/wp-content\/uploads\/2024\/07\/IMG_3848-1000x699.jpeg 1000w\" sizes=\"auto, (max-width: 300px) 100vw, 300px\" \/><\/h4>\n<h4>Das erstes gro\u00dfe Projekt war die artbahn, welche ich 1996<br \/>\nmit der Rheinbahn realisierte.<\/h4>\n<h4><img loading=\"lazy\" decoding=\"async\" class=\"alignnone size-medium wp-image-157\" src=\"https:\/\/petrabach.de\/wp-content\/uploads\/2022\/07\/aslemann_Stadt_klein-300x167.jpg\" alt=\"\" width=\"300\" height=\"167\" srcset=\"https:\/\/petrabach.de\/wp-content\/uploads\/2022\/07\/aslemann_Stadt_klein-300x167.jpg 300w, https:\/\/petrabach.de\/wp-content\/uploads\/2022\/07\/aslemann_Stadt_klein-1024x569.jpg 1024w, https:\/\/petrabach.de\/wp-content\/uploads\/2022\/07\/aslemann_Stadt_klein-768x427.jpg 768w, https:\/\/petrabach.de\/wp-content\/uploads\/2022\/07\/aslemann_Stadt_klein-660x367.jpg 660w, https:\/\/petrabach.de\/wp-content\/uploads\/2022\/07\/aslemann_Stadt_klein-1000x556.jpg 1000w, https:\/\/petrabach.de\/wp-content\/uploads\/2022\/07\/aslemann_Stadt_klein.jpg 1063w\" sizes=\"auto, (max-width: 300px) 100vw, 300px\" \/><\/h4>\n<h4>Aber ich war auch Kulturlotsin, hatte ein Kunstb\u00fcro und eine Galerie, habe f\u00fcr mehrere Firmen \/ Baufirmen Kunst im \u00f6ffentlichen Raum umgesetzt und die SkulpturenLandschaft mit ins Leben gerufen. Trotz allem lagen mir die kleinen Projekten immer besonders am Herzen.<\/h4>\n<h4>Um K\u00fcnstler*innen mit Wirtschaftsunternehmen, Sammler*innen oder Interessierte unkompliziert in Kontakt zu bringen, gr\u00fcndete ich<strong> ART<\/strong>AND<strong>BUTTER.<\/strong>\u00a0Zudem entwickelte ich unter diesem Label die Seminare: \u201eK\u00fcnstler als Beruf\u201c.<\/h4>\n<h4><strong style=\"color: #282828; font-size: 1.125rem;\">Wer mehr \u00fcber mich erfahren m\u00f6chte:<br \/>\n<\/strong><strong>Hier findet man einen guten \u00dcberblick<\/strong>\u00a0 \u00a0&gt;&gt; <a href=\"https:\/\/petrabach.de\/?page_id=60\">Vita\u00a0<\/a><\/h4>\n<p>&nbsp;<\/p>\n<p><img loading=\"lazy\" decoding=\"async\" class=\"alignnone size-medium wp-image-522\" src=\"https:\/\/petrabach.de\/wp-content\/uploads\/2023\/09\/MK21_300dpi-ohne-Kante-300x129.jpg\" alt=\"\" width=\"300\" height=\"129\" srcset=\"https:\/\/petrabach.de\/wp-content\/uploads\/2023\/09\/MK21_300dpi-ohne-Kante-300x129.jpg 300w, https:\/\/petrabach.de\/wp-content\/uploads\/2023\/09\/MK21_300dpi-ohne-Kante-1024x440.jpg 1024w, https:\/\/petrabach.de\/wp-content\/uploads\/2023\/09\/MK21_300dpi-ohne-Kante-768x330.jpg 768w, https:\/\/petrabach.de\/wp-content\/uploads\/2023\/09\/MK21_300dpi-ohne-Kante-660x284.jpg 660w, https:\/\/petrabach.de\/wp-content\/uploads\/2023\/09\/MK21_300dpi-ohne-Kante-1000x430.jpg 1000w, https:\/\/petrabach.de\/wp-content\/uploads\/2023\/09\/MK21_300dpi-ohne-Kante-20x9.jpg 20w, https:\/\/petrabach.de\/wp-content\/uploads\/2023\/09\/MK21_300dpi-ohne-Kante.jpg 1281w\" sizes=\"auto, (max-width: 300px) 100vw, 300px\" \/> \u00a0 <img loading=\"lazy\" decoding=\"async\" class=\"alignnone wp-image-529\" src=\"https:\/\/petrabach.de\/wp-content\/uploads\/2024\/07\/Logo_Bach_500-300x300.jpg\" alt=\"\" width=\"130\" height=\"130\" srcset=\"https:\/\/petrabach.de\/wp-content\/uploads\/2024\/07\/Logo_Bach_500-300x300.jpg 300w, https:\/\/petrabach.de\/wp-content\/uploads\/2024\/07\/Logo_Bach_500-150x150.jpg 150w, https:\/\/petrabach.de\/wp-content\/uploads\/2024\/07\/Logo_Bach_500-373x373.jpg 373w, https:\/\/petrabach.de\/wp-content\/uploads\/2024\/07\/Logo_Bach_500.jpg 500w\" sizes=\"auto, (max-width: 130px) 100vw, 130px\" \/> \u00a0 <img loading=\"lazy\" decoding=\"async\" class=\"alignnone wp-image-23\" src=\"https:\/\/petrabach.de\/wp-content\/uploads\/2022\/07\/AAB-300x300.png\" alt=\"\" width=\"129\" height=\"129\" srcset=\"https:\/\/petrabach.de\/wp-content\/uploads\/2022\/07\/AAB-300x300.png 300w, https:\/\/petrabach.de\/wp-content\/uploads\/2022\/07\/AAB-150x150.png 150w, https:\/\/petrabach.de\/wp-content\/uploads\/2022\/07\/AAB.png 595w\" sizes=\"auto, (max-width: 129px) 100vw, 129px\" \/> <img loading=\"lazy\" decoding=\"async\" class=\"alignnone wp-image-530\" src=\"https:\/\/petrabach.de\/wp-content\/uploads\/2024\/07\/Logo_icon-300x300.jpg\" alt=\"\" width=\"129\" height=\"129\" srcset=\"https:\/\/petrabach.de\/wp-content\/uploads\/2024\/07\/Logo_icon-300x300.jpg 300w, https:\/\/petrabach.de\/wp-content\/uploads\/2024\/07\/Logo_icon-150x150.jpg 150w, https:\/\/petrabach.de\/wp-content\/uploads\/2024\/07\/Logo_icon-373x373.jpg 373w, https:\/\/petrabach.de\/wp-content\/uploads\/2024\/07\/Logo_icon.jpg 500w\" sizes=\"auto, (max-width: 129px) 100vw, 129px\" \/>\u00a0 \u00a0<img loading=\"lazy\" decoding=\"async\" class=\"alignnone wp-image-528\" src=\"https:\/\/petrabach.de\/wp-content\/uploads\/2024\/07\/Logo_OOL_120-2.jpg\" alt=\"\" width=\"129\" height=\"129\" \/>\u00a0 \u00a0<img loading=\"lazy\" decoding=\"async\" class=\"alignnone size-full wp-image-520\" src=\"https:\/\/petrabach.de\/wp-content\/uploads\/2024\/06\/LOGO-Galerie-Kids_www.jpg\" alt=\"\" width=\"198\" height=\"111\" \/> <img loading=\"lazy\" decoding=\"async\" class=\"alignnone wp-image-524\" src=\"https:\/\/petrabach.de\/wp-content\/uploads\/2023\/09\/LOGO-SkulpLand-278x300.jpg\" alt=\"\" width=\"133\" height=\"144\" srcset=\"https:\/\/petrabach.de\/wp-content\/uploads\/2023\/09\/LOGO-SkulpLand-278x300.jpg 278w, https:\/\/petrabach.de\/wp-content\/uploads\/2023\/09\/LOGO-SkulpLand-949x1024.jpg 949w, https:\/\/petrabach.de\/wp-content\/uploads\/2023\/09\/LOGO-SkulpLand-768x829.jpg 768w, https:\/\/petrabach.de\/wp-content\/uploads\/2023\/09\/LOGO-SkulpLand-660x712.jpg 660w, https:\/\/petrabach.de\/wp-content\/uploads\/2023\/09\/LOGO-SkulpLand-1000x1079.jpg 1000w, https:\/\/petrabach.de\/wp-content\/uploads\/2023\/09\/LOGO-SkulpLand.jpg 1292w\" sizes=\"auto, (max-width: 133px) 100vw, 133px\" \/><\/p>\n","protected":false},"excerpt":{"rendered":"<p>Der damals v\u00f6llig umstrittene Studiengang Kulturmanagement wurde zum ersten Mal 1992 von der Fernuniversit\u00e4t Hagen angeboten. Zirka 10 Jahre sp\u00e4ter zog dieser Studienzweig nach HH und wurde zu KMM |&hellip; <a class=\"excerpt-more-link\" href=\"https:\/\/petrabach.de\/?p=532\">Weiterlesen<\/a><\/p>\n","protected":false},"author":1,"featured_media":546,"comment_status":"closed","ping_status":"closed","sticky":false,"template":"","format":"standard","meta":{"_crdt_document":"","_jetpack_memberships_contains_paid_content":false,"footnotes":""},"categories":[36],"tags":[39],"class_list":["post-532","post","type-post","status-publish","format-standard","has-post-thumbnail","hentry","category-30-jahre","tag-30-jahre"],"jetpack_featured_media_url":"https:\/\/petrabach.de\/wp-content\/uploads\/2024\/07\/KOMPRA.jpeg","jetpack_sharing_enabled":true,"_links":{"self":[{"href":"https:\/\/petrabach.de\/index.php?rest_route=\/wp\/v2\/posts\/532","targetHints":{"allow":["GET"]}}],"collection":[{"href":"https:\/\/petrabach.de\/index.php?rest_route=\/wp\/v2\/posts"}],"about":[{"href":"https:\/\/petrabach.de\/index.php?rest_route=\/wp\/v2\/types\/post"}],"author":[{"embeddable":true,"href":"https:\/\/petrabach.de\/index.php?rest_route=\/wp\/v2\/users\/1"}],"replies":[{"embeddable":true,"href":"https:\/\/petrabach.de\/index.php?rest_route=%2Fwp%2Fv2%2Fcomments&post=532"}],"version-history":[{"count":45,"href":"https:\/\/petrabach.de\/index.php?rest_route=\/wp\/v2\/posts\/532\/revisions"}],"predecessor-version":[{"id":684,"href":"https:\/\/petrabach.de\/index.php?rest_route=\/wp\/v2\/posts\/532\/revisions\/684"}],"wp:featuredmedia":[{"embeddable":true,"href":"https:\/\/petrabach.de\/index.php?rest_route=\/wp\/v2\/media\/546"}],"wp:attachment":[{"href":"https:\/\/petrabach.de\/index.php?rest_route=%2Fwp%2Fv2%2Fmedia&parent=532"}],"wp:term":[{"taxonomy":"category","embeddable":true,"href":"https:\/\/petrabach.de\/index.php?rest_route=%2Fwp%2Fv2%2Fcategories&post=532"},{"taxonomy":"post_tag","embeddable":true,"href":"https:\/\/petrabach.de\/index.php?rest_route=%2Fwp%2Fv2%2Ftags&post=532"}],"curies":[{"name":"wp","href":"https:\/\/api.w.org\/{rel}","templated":true}]}}